{"id":1091,"date":"2023-06-26T22:35:46","date_gmt":"2023-06-27T03:35:46","guid":{"rendered":"https:\/\/comunidadhumanitaria.org\/?p=1091"},"modified":"2023-06-26T23:18:25","modified_gmt":"2023-06-27T04:18:25","slug":"cajas-de-carton","status":"publish","type":"post","link":"https:\/\/comunidadhumanitaria.org\/index.php\/2023\/06\/26\/cajas-de-carton\/","title":{"rendered":"Proyecto de Creaci\u00f3n de Cajas de Cart\u00f3n"},"content":{"rendered":"\t\t<div data-elementor-type=\"wp-post\" data-elementor-id=\"1091\" class=\"elementor elementor-1091\">\n\t\t\t\t\t\t\t\t\t<section class=\"elementor-section elementor-top-section elementor-element elementor-element-e48c646 elementor-section-boxed elementor-section-height-default elementor-section-height-default\" data-id=\"e48c646\" data-element_type=\"section\" data-settings=\"{&quot;background_background&quot;:&quot;classic&quot;}\">\n\t\t\t\t\t\t<div class=\"elementor-container elementor-column-gap-default\">\n\t\t\t\t\t<div class=\"elementor-column elementor-col-100 elementor-top-column elementor-element elementor-element-6260023\" data-id=\"6260023\" data-element_type=\"column\">\n\t\t\t<div class=\"elementor-widget-wrap elementor-element-populated\">\n\t\t\t\t\t\t\t\t<div class=\"elementor-element elementor-element-f2c85eb elementor-widget elementor-widget-heading\" data-id=\"f2c85eb\" data-element_type=\"widget\" data-widget_type=\"heading.default\">\n\t\t\t\t<div class=\"elementor-widget-container\">\n\t\t\t<style>\/*! elementor - v3.11.3 - 07-03-2023 *\/\n.elementor-heading-title{padding:0;margin:0;line-height:1}.elementor-widget-heading .elementor-heading-title[class*=elementor-size-]>a{color:inherit;font-size:inherit;line-height:inherit}.elementor-widget-heading .elementor-heading-title.elementor-size-small{font-size:15px}.elementor-widget-heading .elementor-heading-title.elementor-size-medium{font-size:19px}.elementor-widget-heading .elementor-heading-title.elementor-size-large{font-size:29px}.elementor-widget-heading .elementor-heading-title.elementor-size-xl{font-size:39px}.elementor-widget-heading .elementor-heading-title.elementor-size-xxl{font-size:59px}<\/style><h2 class=\"elementor-heading-title elementor-size-default\">Informaci\u00f3n acerca del proyecto<\/h2>\t\t<\/div>\n\t\t\t\t<\/div>\n\t\t\t\t<div class=\"elementor-element elementor-element-10e4b6b elementor-widget elementor-widget-text-editor\" data-id=\"10e4b6b\" data-element_type=\"widget\" data-widget_type=\"text-editor.default\">\n\t\t\t\t<div class=\"elementor-widget-container\">\n\t\t\t<style>\/*! elementor - v3.11.3 - 07-03-2023 *\/\n.elementor-widget-text-editor.elementor-drop-cap-view-stacked .elementor-drop-cap{background-color:#818a91;color:#fff}.elementor-widget-text-editor.elementor-drop-cap-view-framed .elementor-drop-cap{color:#818a91;border:3px solid;background-color:transparent}.elementor-widget-text-editor:not(.elementor-drop-cap-view-default) .elementor-drop-cap{margin-top:8px}.elementor-widget-text-editor:not(.elementor-drop-cap-view-default) .elementor-drop-cap-letter{width:1em;height:1em}.elementor-widget-text-editor .elementor-drop-cap{float:left;text-align:center;line-height:1;font-size:50px}.elementor-widget-text-editor .elementor-drop-cap-letter{display:inline-block}<\/style>\t\t\t\t<p>Cajas Lonchera<br \/>Cajas para transportar alimentos, perfectas para loncheras y catering.<br \/>El proyecto consiste en un <strong>emprendimiento, dedicado a la fabricaci\u00f3n de cajas de primera calidad<\/strong><br \/><strong>en cart\u00f3n corrugado<\/strong>, micro corrugado y cajas r\u00edgidas.<\/p><p>Este producto representa un bien de consumo intermedio, no duradero, ya que se encuentra listo para ser utilizado, dependiendo siempre del producto el cual este contenido. Se clasifica tambi\u00e9n como un bien final debido a que<strong> no requiere<\/strong><br \/><strong>MATERIA PRIMA PARA LA PRODUCCION DE CAJAS DE CARTON<\/strong><br \/>La \u00fanica materia prima que se analizar\u00e1 en este caso es la del papel, ya que el 70% de las<br \/>materias primas las consume el papel.<br \/>Se entregara a cada madre resmas de 100 l\u00e1minas de un ancho 70cm * 100 cm de largo, de un gramage de 250 de Kraft . De cada l\u00e1mina sale una caja estilo maleta y tres cajas peque\u00f1as elaboradas por Las madres cabeza de hogar.<\/p>\t\t\t\t\t\t<\/div>\n\t\t\t\t<\/div>\n\t\t\t\t<div class=\"elementor-element elementor-element-6ebe43e elementor-widget elementor-widget-video\" data-id=\"6ebe43e\" data-element_type=\"widget\" data-settings=\"{&quot;youtube_url&quot;:&quot;https:\\\/\\\/youtu.be\\\/K05fdcdMzHI&quot;,&quot;video_type&quot;:&quot;youtube&quot;,&quot;controls&quot;:&quot;yes&quot;}\" data-widget_type=\"video.default\">\n\t\t\t\t<div class=\"elementor-widget-container\">\n\t\t\t<style>\/*! elementor - v3.11.3 - 07-03-2023 *\/\n.elementor-widget-video .elementor-widget-container{overflow:hidden;transform:translateZ(0)}.elementor-widget-video .elementor-wrapper iframe,.elementor-widget-video .elementor-wrapper video{height:100%;width:100%;border:none;background-color:#000}.elementor-widget-video .elementor-open-inline .elementor-custom-embed-image-overlay{position:absolute;top:0;left:0;width:100%;height:100%;background-size:cover;background-position:50%}.elementor-widget-video .elementor-custom-embed-image-overlay{cursor:pointer;text-align:center}.elementor-widget-video .elementor-custom-embed-image-overlay:hover .elementor-custom-embed-play i{opacity:1}.elementor-widget-video .elementor-custom-embed-image-overlay img{display:block;width:100%}.elementor-widget-video .e-hosted-video .elementor-video{-o-object-fit:cover;object-fit:cover}.e-con-inner>.elementor-widget-video,.e-con>.elementor-widget-video{width:var(--container-widget-width);--flex-grow:var(--container-widget-flex-grow)}<\/style>\t\t<div class=\"elementor-wrapper elementor-open-inline\">\n\t\t\t<div class=\"elementor-video\"><\/div>\t\t<\/div>\n\t\t\t\t<\/div>\n\t\t\t\t<\/div>\n\t\t\t\t<div class=\"elementor-element elementor-element-ab5ece6 elementor-widget elementor-widget-text-editor\" data-id=\"ab5ece6\" data-element_type=\"widget\" data-widget_type=\"text-editor.default\">\n\t\t\t\t<div class=\"elementor-widget-container\">\n\t\t\t\t\t\t\t<p><strong>Es un proyecto de innovaci\u00f3n social<\/strong> y como espera aportar al cuidado de nuestro pa\u00eds como del planeta, un proyecto que no es sencillo pero que con estrategias y pericia lograra <strong>aumentar la competitividad<\/strong> como <strong>reducir la tasa de pobreza de estas madres cabeza de hogar.<\/strong><\/p><p>Este proyecto busca <strong>aportar al desarrollo<\/strong> econ\u00f3mico, social y cultural de cada localidad.<\/p>\t\t\t\t\t\t<\/div>\n\t\t\t\t<\/div>\n\t\t\t\t<div class=\"elementor-element elementor-element-fd683e1 elementor-widget elementor-widget-spacer\" data-id=\"fd683e1\" data-element_type=\"widget\" data-widget_type=\"spacer.default\">\n\t\t\t\t<div class=\"elementor-widget-container\">\n\t\t\t<style>\/*! elementor - v3.11.3 - 07-03-2023 *\/\n.elementor-column .elementor-spacer-inner{height:var(--spacer-size)}.e-con{--container-widget-width:100%}.e-con-inner>.elementor-widget-spacer,.e-con>.elementor-widget-spacer{width:var(--container-widget-width,var(--spacer-size));--align-self:var(--container-widget-align-self,initial);--flex-shrink:0}.e-con-inner>.elementor-widget-spacer>.elementor-widget-container,.e-con-inner>.elementor-widget-spacer>.elementor-widget-container>.elementor-spacer,.e-con>.elementor-widget-spacer>.elementor-widget-container,.e-con>.elementor-widget-spacer>.elementor-widget-container>.elementor-spacer{height:100%}.e-con-inner>.elementor-widget-spacer>.elementor-widget-container>.elementor-spacer>.elementor-spacer-inner,.e-con>.elementor-widget-spacer>.elementor-widget-container>.elementor-spacer>.elementor-spacer-inner{height:var(--container-widget-height,var(--spacer-size))}<\/style>\t\t<div class=\"elementor-spacer\">\n\t\t\t<div class=\"elementor-spacer-inner\"><\/div>\n\t\t<\/div>\n\t\t\t\t<\/div>\n\t\t\t\t<\/div>\n\t\t\t\t\t<\/div>\n\t\t<\/div>\n\t\t\t\t\t\t\t<\/div>\n\t\t<\/section>\n\t\t\t\t\t\t\t<\/div>\n\t\t","protected":false},"excerpt":{"rendered":"<p>Informaci\u00f3n acerca del proyecto Cajas LoncheraCajas para transportar alimentos, perfectas para loncheras y catering.El proyecto consiste en un emprendimiento, dedicado a la fabricaci\u00f3n de cajas de primera calidaden cart\u00f3n corrugado, micro corrugado y cajas r\u00edgidas. Este producto representa un bien de consumo intermedio, no duradero, ya que se encuentra listo para ser utilizado, dependiendo siempre &hellip;<\/p>\n<p class=\"read-more\"> <a class=\"\" href=\"https:\/\/comunidadhumanitaria.org\/index.php\/2023\/06\/26\/cajas-de-carton\/\"> <span class=\"screen-reader-text\">Proyecto de Creaci\u00f3n de Cajas de Cart\u00f3n<\/span> Leer m\u00e1s &raquo;<\/a><\/p>\n","protected":false},"author":1,"featured_media":0,"comment_status":"open","ping_status":"closed","sticky":false,"template":"elementor_header_footer","format":"standard","meta":{"_uag_custom_page_level_css":"","site-sidebar-layout":"default","site-content-layout":"default","ast-global-header-display":"","ast-main-header-display":"","ast-hfb-above-header-display":"","ast-hfb-below-header-display":"","ast-hfb-mobile-header-display":"","site-post-title":"","ast-breadcrumbs-content":"","ast-featured-img":"","footer-sml-layout":"","theme-transparent-header-meta":"","adv-header-id-meta":"","stick-header-meta":"","header-above-stick-meta":"","header-main-stick-meta":"","header-below-stick-meta":""},"categories":[26],"tags":[],"uagb_featured_image_src":{"full":false,"thumbnail":false,"medium":false,"medium_large":false,"large":false,"1536x1536":false,"2048x2048":false,"woocommerce_thumbnail":false,"woocommerce_single":false,"woocommerce_gallery_thumbnail":false},"uagb_author_info":{"display_name":"jstarazona@gmail.com","author_link":"https:\/\/comunidadhumanitaria.org\/index.php\/author\/jstarazonagmail-com\/"},"uagb_comment_info":6,"uagb_excerpt":"Informaci\u00f3n acerca del proyecto Cajas LoncheraCajas para transportar alimentos, perfectas para loncheras y catering.El proyecto consiste en un emprendimiento, dedicado a la fabricaci\u00f3n de cajas de primera calidaden cart\u00f3n corrugado, micro corrugado y cajas r\u00edgidas. Este producto representa un bien de consumo intermedio, no duradero, ya que se encuentra listo para ser utilizado, dependiendo siempre&hellip;","_links":{"self":[{"href":"https:\/\/comunidadhumanitaria.org\/index.php\/wp-json\/wp\/v2\/posts\/1091"}],"collection":[{"href":"https:\/\/comunidadhumanitaria.org\/index.php\/wp-json\/wp\/v2\/posts"}],"about":[{"href":"https:\/\/comunidadhumanitaria.org\/index.php\/wp-json\/wp\/v2\/types\/post"}],"author":[{"embeddable":true,"href":"https:\/\/comunidadhumanitaria.org\/index.php\/wp-json\/wp\/v2\/users\/1"}],"replies":[{"embeddable":true,"href":"https:\/\/comunidadhumanitaria.org\/index.php\/wp-json\/wp\/v2\/comments?post=1091"}],"version-history":[{"count":42,"href":"https:\/\/comunidadhumanitaria.org\/index.php\/wp-json\/wp\/v2\/posts\/1091\/revisions"}],"predecessor-version":[{"id":1150,"href":"https:\/\/comunidadhumanitaria.org\/index.php\/wp-json\/wp\/v2\/posts\/1091\/revisions\/1150"}],"wp:attachment":[{"href":"https:\/\/comunidadhumanitaria.org\/index.php\/wp-json\/wp\/v2\/media?parent=1091"}],"wp:term":[{"taxonomy":"category","embeddable":true,"href":"https:\/\/comunidadhumanitaria.org\/index.php\/wp-json\/wp\/v2\/categories?post=1091"},{"taxonomy":"post_tag","embeddable":true,"href":"https:\/\/comunidadhumanitaria.org\/index.php\/wp-json\/wp\/v2\/tags?post=1091"}],"curies":[{"name":"wp","href":"https:\/\/api.w.org\/{rel}","templated":true}]}}